{"id":310,"date":"2020-09-23T10:03:55","date_gmt":"2020-09-23T08:03:55","guid":{"rendered":"https:\/\/oamgmamr-tulcea.ro\/?p=310"},"modified":"2024-02-02T12:48:20","modified_gmt":"2024-02-02T10:48:20","slug":"anunt-referitor-la-organizarea-examenului-de-grad-principal","status":"publish","type":"post","link":"https:\/\/oamgmamr-tulcea.ro\/index.php\/2020\/09\/23\/anunt-referitor-la-organizarea-examenului-de-grad-principal\/","title":{"rendered":"Anun\u021b referitor la organizarea examenului de grad principal"},"content":{"rendered":"\n<p><strong>V\u0103 inform\u0103m c\u0103 demersurile pentru organizarea \u0219i derularea examenului de grad principal-sesiunea 2020 se suspend\u0103, acesta urm\u00e2nd a se organiza la o dat\u0103 la care condi\u021biile de s\u0103n\u0103tate public\u0103 o vor permite.<\/strong><\/p>\n\n\n\n<p>\u00cen prezent, m\u0103sura se justific\u0103 din urm\u0103toarele motive:<\/p>\n\n\n\n<ul class=\"wp-block-list\">\n<li>cre\u0219terea, la nivel na\u021bional, a num\u0103rului de cazuri de \u00eemboln\u0103viri cu COVID-19;<\/li>\n\n\n\n<li>dificultatea identific\u0103rii, \u00een toate filialele, a unor spa\u021bii corespunz\u0103toare \u0219i suficiente pentru organizarea \u0219i desf\u0103\u0219urarea propriu-zis\u0103 a examenului, pentru asigurarea distan\u021bei minime obligatorii \u00een sala de examen (spa\u021bii suplimentare fa\u021b\u0103 de anii preceden\u021bi, num\u0103r suficient de s\u0103li de examen, crearea de circuite func\u021bionale speciale pentru accesul \u0219i ie\u0219irea din s\u0103li de examen a candida\u021bilor, a membrilor comisiilor de examen \u0219i a supraveghetorilor, gestionarea fluxului de candida\u021bi pentru evitarea aglomer\u0103rii, verificarea temperaturii acestora, etc.);<\/li>\n\n\n\n<li>necesitatea cre\u0219terii num\u0103rului de personal necesar pentru organizarea \u0219i desf\u0103\u0219urarea examenului (colectiv tehnic\/colectivul de supraveghere a examenului\/responsabili s\u0103li\/etc.);<\/li>\n\n\n\n<li>m\u0103suri suplimentare pentru dezinfec\u021bia s\u0103lilor\/spa\u021biilor, \u00eenainte \u0219i dup\u0103 examen;<\/li>\n\n\n\n<li>cre\u0219terea riscului de \u00eemboln\u0103viri cu COVID-19 la etapa de depunere \u0219i verificare a dosarelor, pentru cei care depun dosarele fizic la sediul filialei;<\/li>\n\n\n\n<li>cre\u0219terea riscului de \u00eemboln\u0103viri \u00eentre candida\u021bi \u0219i membrii comisiilor de supraveghere \u0219i corectur\u0103 a lucr\u0103rilor \u00een zilele de desf\u0103\u0219urare a examenului.<\/li>\n<\/ul>\n","protected":false},"excerpt":{"rendered":"<p>V\u0103 inform\u0103m c\u0103 demersurile pentru organizarea \u0219i derularea examenului de grad principal-sesiunea 2020 se suspend\u0103, acesta urm\u00e2nd a se organiza la o dat\u0103 la care condi\u021biile<span class=\"excerpt-hellip\"> [\u2026]<\/span><\/p>\n","protected":false},"author":2,"featured_media":0,"comment_status":"open","ping_status":"open","sticky":false,"template":"","format":"standard","meta":{"footnotes":""},"categories":[1],"tags":[],"class_list":["post-310","post","type-post","status-publish","format-standard","hentry","category-fara-categorie"],"yoast_head":"<!-- This site is optimized with the Yoast SEO plugin v23.3 - https:\/\/yoast.com\/wordpress\/plugins\/seo\/ -->\n<title>Anun\u021b referitor la organizarea examenului de grad principal - OAMGMAMR Filiala Tulcea<\/title>\n<meta name=\"robots\" content=\"index, follow, max-snippet:-1, max-image-preview:large, max-video-preview:-1\" \/>\n<link rel=\"canonical\" href=\"https:\/\/oamgmamr-tulcea.ro\/index.php\/2020\/09\/23\/anunt-referitor-la-organizarea-examenului-de-grad-principal\/\" \/>\n<meta property=\"og:locale\" content=\"ro_RO\" \/>\n<meta property=\"og:type\" content=\"article\" \/>\n<meta property=\"og:title\" content=\"Anun\u021b referitor la organizarea examenului de grad principal - OAMGMAMR Filiala Tulcea\" \/>\n<meta property=\"og:description\" content=\"V\u0103 inform\u0103m c\u0103 demersurile pentru organizarea \u0219i derularea examenului de grad principal-sesiunea 2020 se suspend\u0103, acesta urm\u00e2nd a se organiza la o dat\u0103 la care condi\u021biile [\u2026]\" \/>\n<meta property=\"og:url\" content=\"https:\/\/oamgmamr-tulcea.ro\/index.php\/2020\/09\/23\/anunt-referitor-la-organizarea-examenului-de-grad-principal\/\" \/>\n<meta property=\"og:site_name\" content=\"OAMGMAMR Filiala Tulcea\" \/>\n<meta property=\"article:published_time\" content=\"2020-09-23T08:03:55+00:00\" \/>\n<meta property=\"article:modified_time\" content=\"2024-02-02T10:48:20+00:00\" \/>\n<meta name=\"author\" content=\"Administrator OAMGMAMR Tulcea\" \/>\n<meta name=\"twitter:card\" content=\"summary_large_image\" \/>\n<meta name=\"twitter:label1\" content=\"Scris de\" \/>\n\t<meta name=\"twitter:data1\" content=\"Administrator OAMGMAMR Tulcea\" \/>\n\t<meta name=\"twitter:label2\" content=\"Timp estimat pentru citire\" \/>\n\t<meta name=\"twitter:data2\" content=\"1 minut\" \/>\n<script type=\"application\/ld+json\" class=\"yoast-schema-graph\">{\"@context\":\"https:\/\/schema.org\",\"@graph\":[{\"@type\":\"WebPage\",\"@id\":\"https:\/\/oamgmamr-tulcea.ro\/index.php\/2020\/09\/23\/anunt-referitor-la-organizarea-examenului-de-grad-principal\/\",\"url\":\"https:\/\/oamgmamr-tulcea.ro\/index.php\/2020\/09\/23\/anunt-referitor-la-organizarea-examenului-de-grad-principal\/\",\"name\":\"Anun\u021b referitor la organizarea examenului de grad principal - OAMGMAMR Filiala Tulcea\",\"isPartOf\":{\"@id\":\"https:\/\/oamgmamr-tulcea.ro\/#website\"},\"datePublished\":\"2020-09-23T08:03:55+00:00\",\"dateModified\":\"2024-02-02T10:48:20+00:00\",\"author\":{\"@id\":\"https:\/\/oamgmamr-tulcea.ro\/#\/schema\/person\/e1616ea4644c924355f9b2316badf697\"},\"breadcrumb\":{\"@id\":\"https:\/\/oamgmamr-tulcea.ro\/index.php\/2020\/09\/23\/anunt-referitor-la-organizarea-examenului-de-grad-principal\/#breadcrumb\"},\"inLanguage\":\"ro-RO\",\"potentialAction\":[{\"@type\":\"ReadAction\",\"target\":[\"https:\/\/oamgmamr-tulcea.ro\/index.php\/2020\/09\/23\/anunt-referitor-la-organizarea-examenului-de-grad-principal\/\"]}]},{\"@type\":\"BreadcrumbList\",\"@id\":\"https:\/\/oamgmamr-tulcea.ro\/index.php\/2020\/09\/23\/anunt-referitor-la-organizarea-examenului-de-grad-principal\/#breadcrumb\",\"itemListElement\":[{\"@type\":\"ListItem\",\"position\":1,\"name\":\"Prima pagin\u0103\",\"item\":\"https:\/\/oamgmamr-tulcea.ro\/\"},{\"@type\":\"ListItem\",\"position\":2,\"name\":\"Anun\u021b referitor la organizarea examenului de grad principal\"}]},{\"@type\":\"WebSite\",\"@id\":\"https:\/\/oamgmamr-tulcea.ro\/#website\",\"url\":\"https:\/\/oamgmamr-tulcea.ro\/\",\"name\":\"OAMGMAMR Filiala Tulcea\",\"description\":\"OAMR Filiala Tulcea\",\"potentialAction\":[{\"@type\":\"SearchAction\",\"target\":{\"@type\":\"EntryPoint\",\"urlTemplate\":\"https:\/\/oamgmamr-tulcea.ro\/?s={search_term_string}\"},\"query-input\":\"required name=search_term_string\"}],\"inLanguage\":\"ro-RO\"},{\"@type\":\"Person\",\"@id\":\"https:\/\/oamgmamr-tulcea.ro\/#\/schema\/person\/e1616ea4644c924355f9b2316badf697\",\"name\":\"Administrator OAMGMAMR Tulcea\",\"image\":{\"@type\":\"ImageObject\",\"inLanguage\":\"ro-RO\",\"@id\":\"https:\/\/oamgmamr-tulcea.ro\/#\/schema\/person\/image\/\",\"url\":\"https:\/\/secure.gravatar.com\/avatar\/e06a874866806ba6bd9afddc93118ad2?s=96&d=mm&r=g\",\"contentUrl\":\"https:\/\/secure.gravatar.com\/avatar\/e06a874866806ba6bd9afddc93118ad2?s=96&d=mm&r=g\",\"caption\":\"Administrator OAMGMAMR Tulcea\"},\"sameAs\":[\"https:\/\/oamgmamr-tulcea.ro\"],\"url\":\"https:\/\/oamgmamr-tulcea.ro\/index.php\/author\/oammrtl\/\"}]}<\/script>\n<!-- \/ Yoast SEO plugin. -->","yoast_head_json":{"title":"Anun\u021b referitor la organizarea examenului de grad principal - OAMGMAMR Filiala Tulcea","robots":{"index":"index","follow":"follow","max-snippet":"max-snippet:-1","max-image-preview":"max-image-preview:large","max-video-preview":"max-video-preview:-1"},"canonical":"https:\/\/oamgmamr-tulcea.ro\/index.php\/2020\/09\/23\/anunt-referitor-la-organizarea-examenului-de-grad-principal\/","og_locale":"ro_RO","og_type":"article","og_title":"Anun\u021b referitor la organizarea examenului de grad principal - OAMGMAMR Filiala Tulcea","og_description":"V\u0103 inform\u0103m c\u0103 demersurile pentru organizarea \u0219i derularea examenului de grad principal-sesiunea 2020 se suspend\u0103, acesta urm\u00e2nd a se organiza la o dat\u0103 la care condi\u021biile [\u2026]","og_url":"https:\/\/oamgmamr-tulcea.ro\/index.php\/2020\/09\/23\/anunt-referitor-la-organizarea-examenului-de-grad-principal\/","og_site_name":"OAMGMAMR Filiala Tulcea","article_published_time":"2020-09-23T08:03:55+00:00","article_modified_time":"2024-02-02T10:48:20+00:00","author":"Administrator OAMGMAMR Tulcea","twitter_card":"summary_large_image","twitter_misc":{"Scris de":"Administrator OAMGMAMR Tulcea","Timp estimat pentru citire":"1 minut"},"schema":{"@context":"https:\/\/schema.org","@graph":[{"@type":"WebPage","@id":"https:\/\/oamgmamr-tulcea.ro\/index.php\/2020\/09\/23\/anunt-referitor-la-organizarea-examenului-de-grad-principal\/","url":"https:\/\/oamgmamr-tulcea.ro\/index.php\/2020\/09\/23\/anunt-referitor-la-organizarea-examenului-de-grad-principal\/","name":"Anun\u021b referitor la organizarea examenului de grad principal - OAMGMAMR Filiala Tulcea","isPartOf":{"@id":"https:\/\/oamgmamr-tulcea.ro\/#website"},"datePublished":"2020-09-23T08:03:55+00:00","dateModified":"2024-02-02T10:48:20+00:00","author":{"@id":"https:\/\/oamgmamr-tulcea.ro\/#\/schema\/person\/e1616ea4644c924355f9b2316badf697"},"breadcrumb":{"@id":"https:\/\/oamgmamr-tulcea.ro\/index.php\/2020\/09\/23\/anunt-referitor-la-organizarea-examenului-de-grad-principal\/#breadcrumb"},"inLanguage":"ro-RO","potentialAction":[{"@type":"ReadAction","target":["https:\/\/oamgmamr-tulcea.ro\/index.php\/2020\/09\/23\/anunt-referitor-la-organizarea-examenului-de-grad-principal\/"]}]},{"@type":"BreadcrumbList","@id":"https:\/\/oamgmamr-tulcea.ro\/index.php\/2020\/09\/23\/anunt-referitor-la-organizarea-examenului-de-grad-principal\/#breadcrumb","itemListElement":[{"@type":"ListItem","position":1,"name":"Prima pagin\u0103","item":"https:\/\/oamgmamr-tulcea.ro\/"},{"@type":"ListItem","position":2,"name":"Anun\u021b referitor la organizarea examenului de grad principal"}]},{"@type":"WebSite","@id":"https:\/\/oamgmamr-tulcea.ro\/#website","url":"https:\/\/oamgmamr-tulcea.ro\/","name":"OAMGMAMR Filiala Tulcea","description":"OAMR Filiala Tulcea","potentialAction":[{"@type":"SearchAction","target":{"@type":"EntryPoint","urlTemplate":"https:\/\/oamgmamr-tulcea.ro\/?s={search_term_string}"},"query-input":"required name=search_term_string"}],"inLanguage":"ro-RO"},{"@type":"Person","@id":"https:\/\/oamgmamr-tulcea.ro\/#\/schema\/person\/e1616ea4644c924355f9b2316badf697","name":"Administrator OAMGMAMR Tulcea","image":{"@type":"ImageObject","inLanguage":"ro-RO","@id":"https:\/\/oamgmamr-tulcea.ro\/#\/schema\/person\/image\/","url":"https:\/\/secure.gravatar.com\/avatar\/e06a874866806ba6bd9afddc93118ad2?s=96&d=mm&r=g","contentUrl":"https:\/\/secure.gravatar.com\/avatar\/e06a874866806ba6bd9afddc93118ad2?s=96&d=mm&r=g","caption":"Administrator OAMGMAMR Tulcea"},"sameAs":["https:\/\/oamgmamr-tulcea.ro"],"url":"https:\/\/oamgmamr-tulcea.ro\/index.php\/author\/oammrtl\/"}]}},"_links":{"self":[{"href":"https:\/\/oamgmamr-tulcea.ro\/index.php\/wp-json\/wp\/v2\/posts\/310"}],"collection":[{"href":"https:\/\/oamgmamr-tulcea.ro\/index.php\/wp-json\/wp\/v2\/posts"}],"about":[{"href":"https:\/\/oamgmamr-tulcea.ro\/index.php\/wp-json\/wp\/v2\/types\/post"}],"author":[{"embeddable":true,"href":"https:\/\/oamgmamr-tulcea.ro\/index.php\/wp-json\/wp\/v2\/users\/2"}],"replies":[{"embeddable":true,"href":"https:\/\/oamgmamr-tulcea.ro\/index.php\/wp-json\/wp\/v2\/comments?post=310"}],"version-history":[{"count":2,"href":"https:\/\/oamgmamr-tulcea.ro\/index.php\/wp-json\/wp\/v2\/posts\/310\/revisions"}],"predecessor-version":[{"id":506,"href":"https:\/\/oamgmamr-tulcea.ro\/index.php\/wp-json\/wp\/v2\/posts\/310\/revisions\/506"}],"wp:attachment":[{"href":"https:\/\/oamgmamr-tulcea.ro\/index.php\/wp-json\/wp\/v2\/media?parent=310"}],"wp:term":[{"taxonomy":"category","embeddable":true,"href":"https:\/\/oamgmamr-tulcea.ro\/index.php\/wp-json\/wp\/v2\/categories?post=310"},{"taxonomy":"post_tag","embeddable":true,"href":"https:\/\/oamgmamr-tulcea.ro\/index.php\/wp-json\/wp\/v2\/tags?post=310"}],"curies":[{"name":"wp","href":"https:\/\/api.w.org\/{rel}","templated":true}]}}