{"id":277,"date":"2020-01-26T18:44:40","date_gmt":"2020-01-26T18:44:40","guid":{"rendered":"https:\/\/oamgmamr-tulcea.ro\/?p=277"},"modified":"2020-02-02T18:45:45","modified_gmt":"2020-02-02T18:45:45","slug":"suveranul-pontif-sustine-anul-international-al-asistentului-medical-si-al-moasei-laudand-cea-mai-nobila-dintre-profesii","status":"publish","type":"post","link":"https:\/\/oamgmamr-tulcea.ro\/index.php\/2020\/01\/26\/suveranul-pontif-sustine-anul-international-al-asistentului-medical-si-al-moasei-laudand-cea-mai-nobila-dintre-profesii\/","title":{"rendered":"Suveranul Pontif sus\u021bine Anul Interna\u021bional al Asistentului Medical \u0219i al Moa\u0219ei, l\u0103ud\u00e2nd \u201ecea mai nobil\u0103 dintre profesii\u201d"},"content":{"rendered":"\n<p>Suveranul Pontif a vorbit despre Anul Interna\u021bional al Asistentului Medical \u0219i Moa\u0219ei, \u00een timpul unei predici \u00een fa\u021ba a mii de pelerini, \u00een Pia\u021ba Sf\u00e2ntul Petru, l\u0103ud\u00e2nd munca \u0219i dedicarea asisten\u021bilor medicali.&nbsp;<\/p>\n\n\n\n<p>Pe 19 ianuarie, liderul Bisericii Romano-Catolice a men\u021bionat asisten\u021bii medicali \u0219i moa\u0219ele, dup\u0103 Rug\u0103ciunea Angelus, \u00een Pia\u021ba Sf\u00e2ntul Petru din Vatican.<\/p>\n\n\n\n<p>Suveranul Pontif Francisc a amintit c\u0103 anul 2020 a fost desemnat la nivel interna\u021bional \u2013 Anul Asistentului Medical \u0219i Moa\u0219ei \u2013 \u0219i a cerut credincio\u0219ilor s\u0103 \u00eei pomeneasc\u0103 \u00een rug\u0103ciunile lor. \u00cen luna decembrie, Consiliul Interna\u021bional al Asisten\u021bilor Medicali \u0219i partenerii s\u0103i au solicitat liderilor interna\u021bionali s\u0103 trimit\u0103 mesaje de sus\u021binere a Anului Asisten\u021bilor Medicali \u0219i Moa\u0219elor. Acest apel a fost amplificat de organiza\u021biile profesionale, membre ale Consiliul Interna\u021bional al Asisten\u021bilor Medicali, printre care cea din Italia, CNAI, care de\u021bine rela\u021bii str\u00e2nse cu Vaticanul \u00een ceea ce prive\u0219te problemele legate de \u00eengrijirea s\u0103n\u0103t\u0103\u021bii.<\/p>\n\n\n\n<p>Pontiful a spus:<\/p>\n\n\n\n<p>\u201e S\u0103 ne rug\u0103m pentru ei to\u021bi, s\u0103 \u00ee\u0219i poat\u0103 desf\u0103\u0219ura aceast\u0103 profesie nobil\u0103, \u00een cel mai bun mod posibil.\u201d<\/p>\n\n\n\n<p>Desemnarea de c\u0103tre Organiza\u021bia Mondial\u0103 a S\u0103n\u0103t\u0103\u021bii (OMS) a anului 2020 ca Anul Asistentului Medical \u0219i Moa\u0219ei, are ca scop aten\u021bionarea guvernelor cu privire la necesitatea de recrutare \u0219i men\u021binere a personalului, pentru prevenirea poten\u021bialului deficit de asisten\u021bi medical, fapt ce poate avea repercusiuni grave la nivel mondial. &nbsp;Cifrele OMS sugereaz\u0103 un deficit de p\u00e2n\u0103 la nou\u0103 milioane de asisten\u021bi medicali \u0219i moa\u0219e p\u00e2n\u0103 \u00een anul 2030, dac\u0103 nu vor fi luate m\u0103suri drastice imediat. &nbsp;<\/p>\n\n\n\n<p>Pre\u0219dintele ICN, dna. Annette Kennedy a declarat:<\/p>\n\n\n\n<p>\u201e Este minunat c\u0103 Suveranul Pontif Francisc a vorbit despre munca esen\u021bial\u0103 depus\u0103 de asisten\u021bii medicali \u0219i moa\u0219e. Comentariile sale vor oferi un impuls tuturor asisten\u021bilor medicali de credin\u021be diferite sau f\u0103r\u0103 credin\u021b\u0103. &nbsp;<\/p>\n\n\n\n<p>\u201e Anul acesta, guvernele vor trebui s\u0103 ia decizii fundamentale cu privire la viitorul for\u021bei de munc\u0103 din domeniul profesiei de asistent medical \u0219i moa\u0219\u0103.<\/p>\n\n\n\n<p>\u201e Calitatea de lider a Suveranului ar trebui s\u0103 motiveze politicienii din \u00eentreaga lume \u0219i s\u0103 \u00eei \u00eencurajeze s\u0103 fac\u0103 alegeri potrivire, care trebuie s\u0103 includ\u0103 ac\u021biuni masive de recrutare, pentru \u00eempiedicarea deficitelor prev\u0103zute pentru viitorul deceniu.\u201d<\/p>\n\n\n\n<p>Surs\u0103 fotografie: Vatican Media<\/p>\n","protected":false},"excerpt":{"rendered":"<p>Suveranul Pontif a vorbit despre Anul Interna\u021bional al Asistentului Medical \u0219i Moa\u0219ei, \u00een timpul unei predici \u00een fa\u021ba a mii de pelerini, \u00een Pia\u021ba Sf\u00e2ntul Petru,<span class=\"excerpt-hellip\"> [\u2026]<\/span><\/p>\n","protected":false},"author":1,"featured_media":279,"comment_status":"open","ping_status":"open","sticky":false,"template":"","format":"standard","meta":{"footnotes":""},"categories":[1],"tags":[],"class_list":["post-277","post","type-post","status-publish","format-standard","has-post-thumbnail","hentry","category-fara-categorie"],"yoast_head":"<!-- This site is optimized with the Yoast SEO plugin v23.3 - https:\/\/yoast.com\/wordpress\/plugins\/seo\/ -->\n<title>Suveranul Pontif sus\u021bine Anul Interna\u021bional al Asistentului Medical \u0219i al Moa\u0219ei, l\u0103ud\u00e2nd \u201ecea mai nobil\u0103 dintre profesii\u201d - OAMGMAMR Filiala Tulcea<\/title>\n<meta name=\"robots\" content=\"index, follow, max-snippet:-1, max-image-preview:large, max-video-preview:-1\" \/>\n<link rel=\"canonical\" href=\"https:\/\/oamgmamr-tulcea.ro\/index.php\/2020\/01\/26\/suveranul-pontif-sustine-anul-international-al-asistentului-medical-si-al-moasei-laudand-cea-mai-nobila-dintre-profesii\/\" \/>\n<meta property=\"og:locale\" content=\"ro_RO\" \/>\n<meta property=\"og:type\" content=\"article\" \/>\n<meta property=\"og:title\" content=\"Suveranul Pontif sus\u021bine Anul Interna\u021bional al Asistentului Medical \u0219i al Moa\u0219ei, l\u0103ud\u00e2nd \u201ecea mai nobil\u0103 dintre profesii\u201d - OAMGMAMR Filiala Tulcea\" \/>\n<meta property=\"og:description\" content=\"Suveranul Pontif a vorbit despre Anul Interna\u021bional al Asistentului Medical \u0219i Moa\u0219ei, \u00een timpul unei predici \u00een fa\u021ba a mii de pelerini, \u00een Pia\u021ba Sf\u00e2ntul Petru, [\u2026]\" \/>\n<meta property=\"og:url\" content=\"https:\/\/oamgmamr-tulcea.ro\/index.php\/2020\/01\/26\/suveranul-pontif-sustine-anul-international-al-asistentului-medical-si-al-moasei-laudand-cea-mai-nobila-dintre-profesii\/\" \/>\n<meta property=\"og:site_name\" content=\"OAMGMAMR Filiala Tulcea\" \/>\n<meta property=\"article:published_time\" content=\"2020-01-26T18:44:40+00:00\" \/>\n<meta property=\"article:modified_time\" content=\"2020-02-02T18:45:45+00:00\" \/>\n<meta property=\"og:image\" content=\"https:\/\/oamgmamr-tulcea.ro\/wp-content\/uploads\/2020\/01\/pope-rs.jpeg\" \/>\n\t<meta property=\"og:image:width\" content=\"866\" \/>\n\t<meta property=\"og:image:height\" content=\"488\" \/>\n\t<meta property=\"og:image:type\" content=\"image\/jpeg\" \/>\n<meta name=\"author\" content=\"Administrator\" \/>\n<meta name=\"twitter:card\" content=\"summary_large_image\" \/>\n<meta name=\"twitter:label1\" content=\"Scris de\" \/>\n\t<meta name=\"twitter:data1\" content=\"Administrator\" \/>\n\t<meta name=\"twitter:label2\" content=\"Timp estimat pentru citire\" \/>\n\t<meta name=\"twitter:data2\" content=\"2 minute\" \/>\n<script type=\"application\/ld+json\" class=\"yoast-schema-graph\">{\"@context\":\"https:\/\/schema.org\",\"@graph\":[{\"@type\":\"WebPage\",\"@id\":\"https:\/\/oamgmamr-tulcea.ro\/index.php\/2020\/01\/26\/suveranul-pontif-sustine-anul-international-al-asistentului-medical-si-al-moasei-laudand-cea-mai-nobila-dintre-profesii\/\",\"url\":\"https:\/\/oamgmamr-tulcea.ro\/index.php\/2020\/01\/26\/suveranul-pontif-sustine-anul-international-al-asistentului-medical-si-al-moasei-laudand-cea-mai-nobila-dintre-profesii\/\",\"name\":\"Suveranul Pontif sus\u021bine Anul Interna\u021bional al Asistentului Medical \u0219i al Moa\u0219ei, l\u0103ud\u00e2nd \u201ecea mai nobil\u0103 dintre profesii\u201d - OAMGMAMR Filiala Tulcea\",\"isPartOf\":{\"@id\":\"https:\/\/oamgmamr-tulcea.ro\/#website\"},\"primaryImageOfPage\":{\"@id\":\"https:\/\/oamgmamr-tulcea.ro\/index.php\/2020\/01\/26\/suveranul-pontif-sustine-anul-international-al-asistentului-medical-si-al-moasei-laudand-cea-mai-nobila-dintre-profesii\/#primaryimage\"},\"image\":{\"@id\":\"https:\/\/oamgmamr-tulcea.ro\/index.php\/2020\/01\/26\/suveranul-pontif-sustine-anul-international-al-asistentului-medical-si-al-moasei-laudand-cea-mai-nobila-dintre-profesii\/#primaryimage\"},\"thumbnailUrl\":\"https:\/\/oamgmamr-tulcea.ro\/wp-content\/uploads\/2020\/01\/pope-rs.jpeg\",\"datePublished\":\"2020-01-26T18:44:40+00:00\",\"dateModified\":\"2020-02-02T18:45:45+00:00\",\"author\":{\"@id\":\"https:\/\/oamgmamr-tulcea.ro\/#\/schema\/person\/f6c31401e589577549802fb5b63a6ecb\"},\"breadcrumb\":{\"@id\":\"https:\/\/oamgmamr-tulcea.ro\/index.php\/2020\/01\/26\/suveranul-pontif-sustine-anul-international-al-asistentului-medical-si-al-moasei-laudand-cea-mai-nobila-dintre-profesii\/#breadcrumb\"},\"inLanguage\":\"ro-RO\",\"potentialAction\":[{\"@type\":\"ReadAction\",\"target\":[\"https:\/\/oamgmamr-tulcea.ro\/index.php\/2020\/01\/26\/suveranul-pontif-sustine-anul-international-al-asistentului-medical-si-al-moasei-laudand-cea-mai-nobila-dintre-profesii\/\"]}]},{\"@type\":\"ImageObject\",\"inLanguage\":\"ro-RO\",\"@id\":\"https:\/\/oamgmamr-tulcea.ro\/index.php\/2020\/01\/26\/suveranul-pontif-sustine-anul-international-al-asistentului-medical-si-al-moasei-laudand-cea-mai-nobila-dintre-profesii\/#primaryimage\",\"url\":\"https:\/\/oamgmamr-tulcea.ro\/wp-content\/uploads\/2020\/01\/pope-rs.jpeg\",\"contentUrl\":\"https:\/\/oamgmamr-tulcea.ro\/wp-content\/uploads\/2020\/01\/pope-rs.jpeg\",\"width\":866,\"height\":488},{\"@type\":\"BreadcrumbList\",\"@id\":\"https:\/\/oamgmamr-tulcea.ro\/index.php\/2020\/01\/26\/suveranul-pontif-sustine-anul-international-al-asistentului-medical-si-al-moasei-laudand-cea-mai-nobila-dintre-profesii\/#breadcrumb\",\"itemListElement\":[{\"@type\":\"ListItem\",\"position\":1,\"name\":\"Prima pagin\u0103\",\"item\":\"https:\/\/oamgmamr-tulcea.ro\/\"},{\"@type\":\"ListItem\",\"position\":2,\"name\":\"Suveranul Pontif sus\u021bine Anul Interna\u021bional al Asistentului Medical \u0219i al Moa\u0219ei, l\u0103ud\u00e2nd \u201ecea mai nobil\u0103 dintre profesii\u201d\"}]},{\"@type\":\"WebSite\",\"@id\":\"https:\/\/oamgmamr-tulcea.ro\/#website\",\"url\":\"https:\/\/oamgmamr-tulcea.ro\/\",\"name\":\"OAMGMAMR Filiala Tulcea\",\"description\":\"OAMR Filiala Tulcea\",\"potentialAction\":[{\"@type\":\"SearchAction\",\"target\":{\"@type\":\"EntryPoint\",\"urlTemplate\":\"https:\/\/oamgmamr-tulcea.ro\/?s={search_term_string}\"},\"query-input\":\"required name=search_term_string\"}],\"inLanguage\":\"ro-RO\"},{\"@type\":\"Person\",\"@id\":\"https:\/\/oamgmamr-tulcea.ro\/#\/schema\/person\/f6c31401e589577549802fb5b63a6ecb\",\"name\":\"Administrator\",\"image\":{\"@type\":\"ImageObject\",\"inLanguage\":\"ro-RO\",\"@id\":\"https:\/\/oamgmamr-tulcea.ro\/#\/schema\/person\/image\/\",\"url\":\"https:\/\/secure.gravatar.com\/avatar\/2a50183c9d2b2d743d076b065c9be38c?s=96&d=mm&r=g\",\"contentUrl\":\"https:\/\/secure.gravatar.com\/avatar\/2a50183c9d2b2d743d076b065c9be38c?s=96&d=mm&r=g\",\"caption\":\"Administrator\"},\"url\":\"https:\/\/oamgmamr-tulcea.ro\/index.php\/author\/mrjordas\/\"}]}<\/script>\n<!-- \/ Yoast SEO plugin. -->","yoast_head_json":{"title":"Suveranul Pontif sus\u021bine Anul Interna\u021bional al Asistentului Medical \u0219i al Moa\u0219ei, l\u0103ud\u00e2nd \u201ecea mai nobil\u0103 dintre profesii\u201d - OAMGMAMR Filiala Tulcea","robots":{"index":"index","follow":"follow","max-snippet":"max-snippet:-1","max-image-preview":"max-image-preview:large","max-video-preview":"max-video-preview:-1"},"canonical":"https:\/\/oamgmamr-tulcea.ro\/index.php\/2020\/01\/26\/suveranul-pontif-sustine-anul-international-al-asistentului-medical-si-al-moasei-laudand-cea-mai-nobila-dintre-profesii\/","og_locale":"ro_RO","og_type":"article","og_title":"Suveranul Pontif sus\u021bine Anul Interna\u021bional al Asistentului Medical \u0219i al Moa\u0219ei, l\u0103ud\u00e2nd \u201ecea mai nobil\u0103 dintre profesii\u201d - OAMGMAMR Filiala Tulcea","og_description":"Suveranul Pontif a vorbit despre Anul Interna\u021bional al Asistentului Medical \u0219i Moa\u0219ei, \u00een timpul unei predici \u00een fa\u021ba a mii de pelerini, \u00een Pia\u021ba Sf\u00e2ntul Petru, [\u2026]","og_url":"https:\/\/oamgmamr-tulcea.ro\/index.php\/2020\/01\/26\/suveranul-pontif-sustine-anul-international-al-asistentului-medical-si-al-moasei-laudand-cea-mai-nobila-dintre-profesii\/","og_site_name":"OAMGMAMR Filiala Tulcea","article_published_time":"2020-01-26T18:44:40+00:00","article_modified_time":"2020-02-02T18:45:45+00:00","og_image":[{"width":866,"height":488,"url":"https:\/\/oamgmamr-tulcea.ro\/wp-content\/uploads\/2020\/01\/pope-rs.jpeg","type":"image\/jpeg"}],"author":"Administrator","twitter_card":"summary_large_image","twitter_misc":{"Scris de":"Administrator","Timp estimat pentru citire":"2 minute"},"schema":{"@context":"https:\/\/schema.org","@graph":[{"@type":"WebPage","@id":"https:\/\/oamgmamr-tulcea.ro\/index.php\/2020\/01\/26\/suveranul-pontif-sustine-anul-international-al-asistentului-medical-si-al-moasei-laudand-cea-mai-nobila-dintre-profesii\/","url":"https:\/\/oamgmamr-tulcea.ro\/index.php\/2020\/01\/26\/suveranul-pontif-sustine-anul-international-al-asistentului-medical-si-al-moasei-laudand-cea-mai-nobila-dintre-profesii\/","name":"Suveranul Pontif sus\u021bine Anul Interna\u021bional al Asistentului Medical \u0219i al Moa\u0219ei, l\u0103ud\u00e2nd \u201ecea mai nobil\u0103 dintre profesii\u201d - OAMGMAMR Filiala Tulcea","isPartOf":{"@id":"https:\/\/oamgmamr-tulcea.ro\/#website"},"primaryImageOfPage":{"@id":"https:\/\/oamgmamr-tulcea.ro\/index.php\/2020\/01\/26\/suveranul-pontif-sustine-anul-international-al-asistentului-medical-si-al-moasei-laudand-cea-mai-nobila-dintre-profesii\/#primaryimage"},"image":{"@id":"https:\/\/oamgmamr-tulcea.ro\/index.php\/2020\/01\/26\/suveranul-pontif-sustine-anul-international-al-asistentului-medical-si-al-moasei-laudand-cea-mai-nobila-dintre-profesii\/#primaryimage"},"thumbnailUrl":"https:\/\/oamgmamr-tulcea.ro\/wp-content\/uploads\/2020\/01\/pope-rs.jpeg","datePublished":"2020-01-26T18:44:40+00:00","dateModified":"2020-02-02T18:45:45+00:00","author":{"@id":"https:\/\/oamgmamr-tulcea.ro\/#\/schema\/person\/f6c31401e589577549802fb5b63a6ecb"},"breadcrumb":{"@id":"https:\/\/oamgmamr-tulcea.ro\/index.php\/2020\/01\/26\/suveranul-pontif-sustine-anul-international-al-asistentului-medical-si-al-moasei-laudand-cea-mai-nobila-dintre-profesii\/#breadcrumb"},"inLanguage":"ro-RO","potentialAction":[{"@type":"ReadAction","target":["https:\/\/oamgmamr-tulcea.ro\/index.php\/2020\/01\/26\/suveranul-pontif-sustine-anul-international-al-asistentului-medical-si-al-moasei-laudand-cea-mai-nobila-dintre-profesii\/"]}]},{"@type":"ImageObject","inLanguage":"ro-RO","@id":"https:\/\/oamgmamr-tulcea.ro\/index.php\/2020\/01\/26\/suveranul-pontif-sustine-anul-international-al-asistentului-medical-si-al-moasei-laudand-cea-mai-nobila-dintre-profesii\/#primaryimage","url":"https:\/\/oamgmamr-tulcea.ro\/wp-content\/uploads\/2020\/01\/pope-rs.jpeg","contentUrl":"https:\/\/oamgmamr-tulcea.ro\/wp-content\/uploads\/2020\/01\/pope-rs.jpeg","width":866,"height":488},{"@type":"BreadcrumbList","@id":"https:\/\/oamgmamr-tulcea.ro\/index.php\/2020\/01\/26\/suveranul-pontif-sustine-anul-international-al-asistentului-medical-si-al-moasei-laudand-cea-mai-nobila-dintre-profesii\/#breadcrumb","itemListElement":[{"@type":"ListItem","position":1,"name":"Prima pagin\u0103","item":"https:\/\/oamgmamr-tulcea.ro\/"},{"@type":"ListItem","position":2,"name":"Suveranul Pontif sus\u021bine Anul Interna\u021bional al Asistentului Medical \u0219i al Moa\u0219ei, l\u0103ud\u00e2nd \u201ecea mai nobil\u0103 dintre profesii\u201d"}]},{"@type":"WebSite","@id":"https:\/\/oamgmamr-tulcea.ro\/#website","url":"https:\/\/oamgmamr-tulcea.ro\/","name":"OAMGMAMR Filiala Tulcea","description":"OAMR Filiala Tulcea","potentialAction":[{"@type":"SearchAction","target":{"@type":"EntryPoint","urlTemplate":"https:\/\/oamgmamr-tulcea.ro\/?s={search_term_string}"},"query-input":"required name=search_term_string"}],"inLanguage":"ro-RO"},{"@type":"Person","@id":"https:\/\/oamgmamr-tulcea.ro\/#\/schema\/person\/f6c31401e589577549802fb5b63a6ecb","name":"Administrator","image":{"@type":"ImageObject","inLanguage":"ro-RO","@id":"https:\/\/oamgmamr-tulcea.ro\/#\/schema\/person\/image\/","url":"https:\/\/secure.gravatar.com\/avatar\/2a50183c9d2b2d743d076b065c9be38c?s=96&d=mm&r=g","contentUrl":"https:\/\/secure.gravatar.com\/avatar\/2a50183c9d2b2d743d076b065c9be38c?s=96&d=mm&r=g","caption":"Administrator"},"url":"https:\/\/oamgmamr-tulcea.ro\/index.php\/author\/mrjordas\/"}]}},"_links":{"self":[{"href":"https:\/\/oamgmamr-tulcea.ro\/index.php\/wp-json\/wp\/v2\/posts\/277"}],"collection":[{"href":"https:\/\/oamgmamr-tulcea.ro\/index.php\/wp-json\/wp\/v2\/posts"}],"about":[{"href":"https:\/\/oamgmamr-tulcea.ro\/index.php\/wp-json\/wp\/v2\/types\/post"}],"author":[{"embeddable":true,"href":"https:\/\/oamgmamr-tulcea.ro\/index.php\/wp-json\/wp\/v2\/users\/1"}],"replies":[{"embeddable":true,"href":"https:\/\/oamgmamr-tulcea.ro\/index.php\/wp-json\/wp\/v2\/comments?post=277"}],"version-history":[{"count":1,"href":"https:\/\/oamgmamr-tulcea.ro\/index.php\/wp-json\/wp\/v2\/posts\/277\/revisions"}],"predecessor-version":[{"id":278,"href":"https:\/\/oamgmamr-tulcea.ro\/index.php\/wp-json\/wp\/v2\/posts\/277\/revisions\/278"}],"wp:featuredmedia":[{"embeddable":true,"href":"https:\/\/oamgmamr-tulcea.ro\/index.php\/wp-json\/wp\/v2\/media\/279"}],"wp:attachment":[{"href":"https:\/\/oamgmamr-tulcea.ro\/index.php\/wp-json\/wp\/v2\/media?parent=277"}],"wp:term":[{"taxonomy":"category","embeddable":true,"href":"https:\/\/oamgmamr-tulcea.ro\/index.php\/wp-json\/wp\/v2\/categories?post=277"},{"taxonomy":"post_tag","embeddable":true,"href":"https:\/\/oamgmamr-tulcea.ro\/index.php\/wp-json\/wp\/v2\/tags?post=277"}],"curies":[{"name":"wp","href":"https:\/\/api.w.org\/{rel}","templated":true}]}}